{"id":5159,"date":"2025-05-16T05:48:28","date_gmt":"2025-05-16T05:48:28","guid":{"rendered":"https:\/\/ve-business.ch\/?p=5159"},"modified":"2025-06-03T14:34:36","modified_gmt":"2025-06-03T14:34:36","slug":"success-story-schenker-storen","status":"publish","type":"post","link":"https:\/\/ve-business.ch\/de\/2025\/05\/16\/success-story-schenker-storen\/","title":{"rendered":"Wirkung entsteht, wenn Reflexion auf Umsetzung trifft (Fallstudie - Schenker Storen)"},"content":{"rendered":"<div class=\"wp-block-image\">\n<figure class=\"aligncenter size-large is-resized\"><img loading=\"lazy\" decoding=\"async\" width=\"1024\" height=\"513\" src=\"https:\/\/ve-business.ch\/wp-content\/uploads\/2025\/05\/SSAG_Logo_rgb-1024x513.png\" alt=\"Logo Schenker Storen\" class=\"wp-image-5163\" style=\"width:635px\" srcset=\"https:\/\/ve-business.ch\/wp-content\/uploads\/2025\/05\/SSAG_Logo_rgb-1024x513.png 1024w, https:\/\/ve-business.ch\/wp-content\/uploads\/2025\/05\/SSAG_Logo_rgb-300x150.png 300w, https:\/\/ve-business.ch\/wp-content\/uploads\/2025\/05\/SSAG_Logo_rgb-768x385.png 768w, https:\/\/ve-business.ch\/wp-content\/uploads\/2025\/05\/SSAG_Logo_rgb-18x9.png 18w, https:\/\/ve-business.ch\/wp-content\/uploads\/2025\/05\/SSAG_Logo_rgb.png 1182w\" sizes=\"auto, (max-width: 1024px) 100vw, 1024px\" \/><\/figure>\n<\/div>\n\n\n<div style=\"height:25px\" aria-hidden=\"true\" class=\"wp-block-spacer\"><\/div>\n\n\n\n<p><a href=\"https:\/\/www.storen.ch\/\" target=\"_blank\" data-type=\"link\" data-id=\"https:\/\/www.storen.ch\/\" rel=\"noreferrer noopener\">Schenker Storen<\/a> nimmt Weiterbildung ernst \u2013 als Teil der Unternehmenskultur und als Schl\u00fcssel zur\nQualit\u00e4t im Kundenkontakt. Doch auch etablierte Formate brauchen gelegentlich einen frischen Blick von aussen, um weiterhin Wirkung zu entfalten.<\/p>\n\n\n\n<p>Deshalb hat Thomas Rykart gemeinsam mit vE Bildungsexzellenz ein <a href=\"https:\/\/ve-business.ch\/de\/management\/assessment\/\" data-type=\"page\" data-id=\"603\">Assessment<\/a> des bestehenden Weiterbildungstags durchgef\u00fchrt. Im partnerschaftlichen Austausch auf Augenh\u00f6he wurden St\u00e4rken sichtbar gemacht \u2013 und Potenziale konkret benannt.<\/p>\n\n\n\n<div style=\"height:25px\" aria-hidden=\"true\" class=\"wp-block-spacer\"><\/div>\n\n\n<div class=\"wp-block-image is-style-default\">\n<figure class=\"aligncenter size-large is-resized\"><img loading=\"lazy\" decoding=\"async\" width=\"1200\" height=\"900\" src=\"https:\/\/ve-business.ch\/wp-content\/uploads\/2025\/05\/PHOTO-2025-05-15-14-10-05-edited-1.jpg\" alt=\"Thomas Rykart, Leiter Ausbildung Schenker Storen\" class=\"wp-image-5189\" style=\"width:635px;height:auto\" srcset=\"https:\/\/ve-business.ch\/wp-content\/uploads\/2025\/05\/PHOTO-2025-05-15-14-10-05-edited-1.jpg 1200w, https:\/\/ve-business.ch\/wp-content\/uploads\/2025\/05\/PHOTO-2025-05-15-14-10-05-edited-1-300x225.jpg 300w, https:\/\/ve-business.ch\/wp-content\/uploads\/2025\/05\/PHOTO-2025-05-15-14-10-05-edited-1-1024x768.jpg 1024w, https:\/\/ve-business.ch\/wp-content\/uploads\/2025\/05\/PHOTO-2025-05-15-14-10-05-edited-1-768x576.jpg 768w, https:\/\/ve-business.ch\/wp-content\/uploads\/2025\/05\/PHOTO-2025-05-15-14-10-05-edited-1-16x12.jpg 16w\" sizes=\"auto, (max-width: 1200px) 100vw, 1200px\" \/><figcaption class=\"wp-element-caption\">Thomas Rykart, Leiter Ausbildung Schenker Storen<\/figcaption><\/figure>\n<\/div>\n\n\n<p>Die Zusammenarbeit war gepr\u00e4gt von einer kollegialen Offenheit, in der sich Wertsch\u00e4tzung und kritischer Dialog auf Augenh\u00f6he begegneten. Gerade dieser konstruktive Austausch \u2013 wohlwollend, aber auch fordernd \u2013 hat es erm\u00f6glicht, festgefahrene Strukturen zu hinterfragen und mutige Impulse f\u00fcr eine Weiterentwicklung zu setzen.<\/p>\n\n\n\n<p>Aus der gemeinsamen Reflexion sind bereits erste, gezielte Weiterentwicklungen hervorgegangen:<\/p>\n\n\n\n<ul class=\"wp-block-list\">\n<li>Eine pr\u00e4gnante Zielkommunikation gleich zu Beginn der Veranstaltung sorgt k\u00fcnftig f\u00fcr klare\nOrientierung und st\u00e4rkt die Eigenverantwortung der Teilnehmenden.<\/li>\n\n\n\n<li>Mehr als die H\u00e4lfte der Inhalte wird nun in aktivierenden, dialogorientierten Formaten vermittelt\n\u2013 etwa \u00fcber Workshops, Reflexionseinheiten und interaktive Gruppenarbeiten.<\/li>\n\n\n\n<li>Ein Vorbereitungsimpuls vor der Veranstaltung bringt das Denken in Bewegung, bevor die\nTeilnehmenden \u00fcberhaupt im Raum sind \u2013 ein einfaches Mittel mit grosser Wirkung.<\/li>\n<\/ul>\n\n\n\n<div style=\"height:25px\" aria-hidden=\"true\" class=\"wp-block-spacer\"><\/div>\n\n\n<div class=\"wp-block-image\">\n<figure class=\"aligncenter size-large is-resized\"><img loading=\"lazy\" decoding=\"async\" width=\"1024\" height=\"768\" src=\"https:\/\/ve-business.ch\/wp-content\/uploads\/2025\/05\/IMG_2913-1024x768.jpg\" alt=\"Workshop Schenker Storen Kleingruppe\" class=\"wp-image-5160\" style=\"width:635px\" srcset=\"https:\/\/ve-business.ch\/wp-content\/uploads\/2025\/05\/IMG_2913-1024x768.jpg 1024w, https:\/\/ve-business.ch\/wp-content\/uploads\/2025\/05\/IMG_2913-300x225.jpg 300w, https:\/\/ve-business.ch\/wp-content\/uploads\/2025\/05\/IMG_2913-768x576.jpg 768w, https:\/\/ve-business.ch\/wp-content\/uploads\/2025\/05\/IMG_2913-1536x1152.jpg 1536w, https:\/\/ve-business.ch\/wp-content\/uploads\/2025\/05\/IMG_2913-2048x1536.jpg 2048w, https:\/\/ve-business.ch\/wp-content\/uploads\/2025\/05\/IMG_2913-16x12.jpg 16w\" sizes=\"auto, (max-width: 1024px) 100vw, 1024px\" \/><figcaption class=\"wp-element-caption\">Workshop Schenker Storen Kleingruppe<\/figcaption><\/figure>\n<\/div>\n\n\n<p>Zudem wird der Einsatz eines adaptiven Lernansatzes gepr\u00fcft. Dank KI lassen sich <a href=\"https:\/\/ve-business.ch\/de\/operations\/learning-management\/adaptives-lernen-2\/\" data-type=\"page\" data-id=\"3088\">individuelle Lernpfade<\/a> gestalten, die auf Vorwissen, Tempo und Bed\u00fcrfnisse der Lernenden eingehen \u2013 ein grosser Vorteil gerade bei heterogenen Gruppen mit unterschiedlichen Erfahrungshorizonten.<\/p>\n\n\n\n<div style=\"height:10px\" aria-hidden=\"true\" class=\"wp-block-spacer\"><\/div>\n\n\n\n<blockquote class=\"wp-block-quote is-layout-flow wp-block-quote-is-layout-flow\">\n<p><em>\u201eDer Blick von aussen hat uns geholfen, Bestehendes zu hinterfragen \u2013 und neue Ideen mutig weiterzudenken. Die M\u00f6glichkeiten, die uns vE Bildungsexzellenz mit ihren KI-basierten L\u00f6sungen aufgezeigt hat, er\u00f6ffnen neue Perspektiven f\u00fcr ein\nmodernes, individuell angepasstes Lernen bei Schenker Storen.\u201c<\/em><br>\u2014&nbsp;<strong>Thomas Rykart, Leiter Ausbildung, Schenker Storen<\/strong><\/p>\n<\/blockquote>\n\n\n\n<div style=\"height:15px\" aria-hidden=\"true\" class=\"wp-block-spacer\"><\/div>\n\n\n\n<p>Was diese Zusammenarbeit auszeichnet: Sie bleibt nicht bei Empfehlungen stehen \u2013 sondern begleitet\nden Transfer in die Praxis. Mit Erfahrung, Empathie und konkreten Werkzeugen.<\/p>\n\n\n\n<div style=\"height:25px\" aria-hidden=\"true\" class=\"wp-block-spacer\"><\/div>\n\n\n<div class=\"wp-block-image\">\n<figure class=\"aligncenter size-large is-resized\"><img loading=\"lazy\" decoding=\"async\" width=\"1024\" height=\"768\" src=\"https:\/\/ve-business.ch\/wp-content\/uploads\/2025\/05\/IMG_2926-1024x768.jpg\" alt=\"Workshop Schenker Storen Plenum\" class=\"wp-image-5161\" style=\"width:635px\" srcset=\"https:\/\/ve-business.ch\/wp-content\/uploads\/2025\/05\/IMG_2926-1024x768.jpg 1024w, https:\/\/ve-business.ch\/wp-content\/uploads\/2025\/05\/IMG_2926-300x225.jpg 300w, https:\/\/ve-business.ch\/wp-content\/uploads\/2025\/05\/IMG_2926-768x576.jpg 768w, https:\/\/ve-business.ch\/wp-content\/uploads\/2025\/05\/IMG_2926-1536x1152.jpg 1536w, https:\/\/ve-business.ch\/wp-content\/uploads\/2025\/05\/IMG_2926-2048x1536.jpg 2048w, https:\/\/ve-business.ch\/wp-content\/uploads\/2025\/05\/IMG_2926-16x12.jpg 16w\" sizes=\"auto, (max-width: 1024px) 100vw, 1024px\" \/><figcaption class=\"wp-element-caption\">Workshop Schenker Storen Plenum<\/figcaption><\/figure>\n<\/div>\n\n\n<figure class=\"wp-block-gallery has-nested-images columns-default is-cropped wp-block-gallery-1 is-layout-flex wp-block-gallery-is-layout-flex\"><\/figure>\n\n\n\n<p><\/p>","protected":false},"excerpt":{"rendered":"<p>Schenker Storen hat mit uns ein Assessment des Weiterbildungstags durchgef\u00fchrt - erfahre mehr \u00fcber diese Erfolgsgeschichte.<\/p>","protected":false},"author":7,"featured_media":5186,"comment_status":"closed","ping_status":"closed","sticky":false,"template":"","format":"standard","meta":{"footnotes":""},"categories":[35],"tags":[28,27,30,26,25,29,31,32],"class_list":["post-5159","post","type-post","status-publish","format-standard","has-post-thumbnail","hentry","category-case-study","tag-ausbildung","tag-bildung","tag-kunstliche-intelligenz","tag-story","tag-success","tag-weiterbildung","tag-workshop","tag-workshops"],"_links":{"self":[{"href":"https:\/\/ve-business.ch\/de\/wp-json\/wp\/v2\/posts\/5159","targetHints":{"allow":["GET"]}}],"collection":[{"href":"https:\/\/ve-business.ch\/de\/wp-json\/wp\/v2\/posts"}],"about":[{"href":"https:\/\/ve-business.ch\/de\/wp-json\/wp\/v2\/types\/post"}],"author":[{"embeddable":true,"href":"https:\/\/ve-business.ch\/de\/wp-json\/wp\/v2\/users\/7"}],"replies":[{"embeddable":true,"href":"https:\/\/ve-business.ch\/de\/wp-json\/wp\/v2\/comments?post=5159"}],"version-history":[{"count":26,"href":"https:\/\/ve-business.ch\/de\/wp-json\/wp\/v2\/posts\/5159\/revisions"}],"predecessor-version":[{"id":5315,"href":"https:\/\/ve-business.ch\/de\/wp-json\/wp\/v2\/posts\/5159\/revisions\/5315"}],"wp:featuredmedia":[{"embeddable":true,"href":"https:\/\/ve-business.ch\/de\/wp-json\/wp\/v2\/media\/5186"}],"wp:attachment":[{"href":"https:\/\/ve-business.ch\/de\/wp-json\/wp\/v2\/media?parent=5159"}],"wp:term":[{"taxonomy":"category","embeddable":true,"href":"https:\/\/ve-business.ch\/de\/wp-json\/wp\/v2\/categories?post=5159"},{"taxonomy":"post_tag","embeddable":true,"href":"https:\/\/ve-business.ch\/de\/wp-json\/wp\/v2\/tags?post=5159"}],"curies":[{"name":"wp","href":"https:\/\/api.w.org\/{rel}","templated":true}]}}