{"id":5275,"date":"2025-08-12T06:55:00","date_gmt":"2025-08-12T06:55:00","guid":{"rendered":"https:\/\/ve-business.ch\/?p=5275"},"modified":"2026-03-10T13:54:38","modified_gmt":"2026-03-10T13:54:38","slug":"adaptive-learning-education-individual","status":"publish","type":"post","link":"https:\/\/ve-business.ch\/de\/2025\/08\/12\/adaptive-learning-education-individual\/","title":{"rendered":"Adaptives Lernen: Wenn Weiterbildung wirklich individuell wird"},"content":{"rendered":"<p>In einer Welt, in der Wissen im Sekundentakt w\u00e4chst und sich Anforderungen kontinuierlich ver\u00e4ndern, reicht Lernen nach dem Giesskannenprinzip nicht mehr aus. Die Zukunft geh\u00f6rt dem adaptiven Lernen. Das heisst, dass das Lernen auf den einzelnen Menschen zugeschnitten, digital gest\u00fctzt und auf den tats\u00e4chlichen Wissensstand der Lernenden ausgerichtet wird.<\/p>\n\n\n\n<div style=\"height:12px\" aria-hidden=\"true\" class=\"wp-block-spacer\"><\/div>\n\n\n\n<h2 class=\"wp-block-heading\" style=\"font-size:30px\"><strong>Was ist adaptives Lernen?<\/strong><\/h2>\n\n\n\n<div style=\"height:12px\" aria-hidden=\"true\" class=\"wp-block-spacer\"><\/div>\n\n\n<div class=\"wp-block-image\">\n<figure class=\"aligncenter size-large is-resized\"><img loading=\"lazy\" decoding=\"async\" width=\"1024\" height=\"768\" src=\"https:\/\/ve-business.ch\/wp-content\/uploads\/2025\/07\/Bilder-fuer-Blogposts-2-1024x768.png\" alt=\"Woman on a laptop using an adaptive learning system\" class=\"wp-image-5286\" style=\"width:568px;height:auto\" srcset=\"https:\/\/ve-business.ch\/wp-content\/uploads\/2025\/07\/Bilder-fuer-Blogposts-2-1024x768.png 1024w, https:\/\/ve-business.ch\/wp-content\/uploads\/2025\/07\/Bilder-fuer-Blogposts-2-300x225.png 300w, https:\/\/ve-business.ch\/wp-content\/uploads\/2025\/07\/Bilder-fuer-Blogposts-2-768x576.png 768w, https:\/\/ve-business.ch\/wp-content\/uploads\/2025\/07\/Bilder-fuer-Blogposts-2-16x12.png 16w, https:\/\/ve-business.ch\/wp-content\/uploads\/2025\/07\/Bilder-fuer-Blogposts-2.png 1080w\" sizes=\"auto, (max-width: 1024px) 100vw, 1024px\" \/><\/figure>\n<\/div>\n\n\n<div style=\"height:12px\" aria-hidden=\"true\" class=\"wp-block-spacer\"><\/div>\n\n\n\n<p>Adaptives Lernen ist eine Lernmethode, die sich dynamisch an das Vorwissen und den Lernfortschritt der Nutzenden anpasst. Anders als klassische E-Learning-Formate setzt es auf Datenanalyse, um Inhalte gezielt auszuspielen \u2013 ganz ohne \u00dcber- oder Unterforderung. So wird Lernen effizienter, relevanter und nachhaltiger.<\/p>\n\n\n\n<div style=\"height:20px\" aria-hidden=\"true\" class=\"wp-block-spacer\"><\/div>\n\n\n\n<h2 class=\"wp-block-heading\" style=\"font-size:30px\"><strong>Warum ist adaptives Lernen relevant f\u00fcr Unternehmen?<\/strong><\/h2>\n\n\n\n<div style=\"height:12px\" aria-hidden=\"true\" class=\"wp-block-spacer\"><\/div>\n\n\n\n<p>Unternehmen stehen heute vor der Herausforderung, Teams kontinuierlich weiterzubilden \u2013 bei steigendem Zeitdruck und wachsender Komplexit\u00e4t. Adaptives Lernen bietet hier entscheidende Vorteile:<\/p>\n\n\n\n<ul class=\"wp-block-list\">\n<li><strong>Individuelle F\u00f6rderung<\/strong>: Inhalte passen sich an das Vorwissen an, sodass jede Person genau das lernt, was sie noch nicht weiss.<\/li>\n\n\n\n<li><strong>H\u00f6here Motivation<\/strong>: Relevante Inhalte motivieren die Mitarbeiten, was zu echten Lernfortschritten f\u00fchrt.<\/li>\n\n\n\n<li><strong>Effizienzsteigerung<\/strong>: Kein Zeitverlust durch redundante Inhalte. Der Fokus liegt auf dem Wesentlichen.<\/li>\n\n\n\n<li><strong>Skalierbarkeit<\/strong>: Grosse Zielgruppen k\u00f6nnen individuell geschult werden.<\/li>\n<\/ul>\n\n\n\n<div style=\"height:20px\" aria-hidden=\"true\" class=\"wp-block-spacer\"><\/div>\n\n\n\n<h2 class=\"wp-block-heading\" style=\"font-size:30px\"><strong>Wie funktioniert adaptives Lernen in der Praxis?<\/strong><\/h2>\n\n\n\n<div style=\"height:12px\" aria-hidden=\"true\" class=\"wp-block-spacer\"><\/div>\n\n\n\n<p>Angetrieben von <a href=\"https:\/\/area9lyceum.de\/\" target=\"_blank\" rel=\"noopener\">Area9<\/a> und weiteren modernen Tools und Systemen gestalten wir Lernmodule, die sich automatisch an den individuellen Wissensstand Ihrer Mitarbeitenden anpassen.<\/p>\n\n\n\n<div style=\"height:20px\" aria-hidden=\"true\" class=\"wp-block-spacer\"><\/div>\n\n\n\n<h2 class=\"wp-block-heading\" style=\"font-size:30px\"><strong>F\u00fcr wen ist adaptives Lernen geeignet?<\/strong><\/h2>\n\n\n\n<div style=\"height:12px\" aria-hidden=\"true\" class=\"wp-block-spacer\"><\/div>\n\n\n\n<p>Ob Onboarding, Weiterqualifizierung oder Leadership-Programme \u2013 adaptives Lernen l\u00e4sst sich in nahezu jeden L&amp;D-Kontext integrieren. Adaptives Lernen unterst\u00fctzt individuelle Lernwege auf jedem Level, von Laien bis zu erfahrenen Fachkr\u00e4ften.<\/p>\n\n\n\n<div style=\"height:20px\" aria-hidden=\"true\" class=\"wp-block-spacer\"><\/div>\n\n\n\n<h2 class=\"wp-block-heading\" style=\"font-size:30px\"><strong>Lernen, das mitdenkt<\/strong><\/h2>\n\n\n\n<div style=\"height:12px\" aria-hidden=\"true\" class=\"wp-block-spacer\"><\/div>\n\n\n<div class=\"wp-block-image\">\n<figure class=\"aligncenter size-large is-resized\"><img loading=\"lazy\" decoding=\"async\" width=\"1024\" height=\"768\" src=\"https:\/\/ve-business.ch\/wp-content\/uploads\/2025\/07\/Bilder-fuer-Blogposts-3-1024x768.png\" alt=\"man at a desk with a laptop in a office holding a tablet and smiling while thinking about adaptive learning systems\" class=\"wp-image-5299\" style=\"width:568px\" srcset=\"https:\/\/ve-business.ch\/wp-content\/uploads\/2025\/07\/Bilder-fuer-Blogposts-3-1024x768.png 1024w, https:\/\/ve-business.ch\/wp-content\/uploads\/2025\/07\/Bilder-fuer-Blogposts-3-300x225.png 300w, https:\/\/ve-business.ch\/wp-content\/uploads\/2025\/07\/Bilder-fuer-Blogposts-3-768x576.png 768w, https:\/\/ve-business.ch\/wp-content\/uploads\/2025\/07\/Bilder-fuer-Blogposts-3-16x12.png 16w, https:\/\/ve-business.ch\/wp-content\/uploads\/2025\/07\/Bilder-fuer-Blogposts-3.png 1080w\" sizes=\"auto, (max-width: 1024px) 100vw, 1024px\" \/><\/figure>\n<\/div>\n\n\n<div style=\"height:12px\" aria-hidden=\"true\" class=\"wp-block-spacer\"><\/div>\n\n\n\n<p>Adaptives Lernen ist mehr als nur ein Trend. Es ver\u00e4ndert die Weiterbildung grundlegend. Die Anpassung an die individuellen F\u00e4higkeiten der Mitarbeitenden f\u00fchrt nachweislich zu einer h\u00f6heren Motivation und Effizienzsteigerung. Unternehmen, die auf individuelle Lernprozesse setzen, f\u00f6rdern nicht nur das Potenzial ihrer Mitarbeitenden, sondern st\u00e4rken auch ihre Innovationskraft.<\/p>\n\n\n\n<p>Erfahren Sie mehr \u00fcber unsere <a href=\"https:\/\/ve-business.ch\/de\/operations\/learning-management\/adaptive-learning\/\">adaptiven Lernl\u00f6sungen<\/a> or experience adaptive learning for yourself with our free short learning module on <a href=\"https:\/\/ve-business.ch\/de\/operations\/learning-management\/adaptives-lernen-2\/#urbangardening\">Urban Gardening<\/a>.<\/p>\n\n\n\n<p><\/p>","protected":false},"excerpt":{"rendered":"<p>In a world where knowledge grows by the second and requirements are constantly changing, learning by the scattergun approach is no longer enough. The future belongs to adaptive learning. This means that learning is tailored to the individual, digitally supported and geared to the actual level of knowledge of the learners. What is adaptive learning? [&hellip;]<\/p>","protected":false},"author":8,"featured_media":5284,"comment_status":"closed","ping_status":"closed","sticky":false,"template":"","format":"standard","meta":{"footnotes":""},"categories":[39],"tags":[40,41],"class_list":["post-5275","post","type-post","status-publish","format-standard","has-post-thumbnail","hentry","category-blog","tag-adaptives-lernen","tag-lms"],"_links":{"self":[{"href":"https:\/\/ve-business.ch\/de\/wp-json\/wp\/v2\/posts\/5275","targetHints":{"allow":["GET"]}}],"collection":[{"href":"https:\/\/ve-business.ch\/de\/wp-json\/wp\/v2\/posts"}],"about":[{"href":"https:\/\/ve-business.ch\/de\/wp-json\/wp\/v2\/types\/post"}],"author":[{"embeddable":true,"href":"https:\/\/ve-business.ch\/de\/wp-json\/wp\/v2\/users\/8"}],"replies":[{"embeddable":true,"href":"https:\/\/ve-business.ch\/de\/wp-json\/wp\/v2\/comments?post=5275"}],"version-history":[{"count":822,"href":"https:\/\/ve-business.ch\/de\/wp-json\/wp\/v2\/posts\/5275\/revisions"}],"predecessor-version":[{"id":8036,"href":"https:\/\/ve-business.ch\/de\/wp-json\/wp\/v2\/posts\/5275\/revisions\/8036"}],"wp:featuredmedia":[{"embeddable":true,"href":"https:\/\/ve-business.ch\/de\/wp-json\/wp\/v2\/media\/5284"}],"wp:attachment":[{"href":"https:\/\/ve-business.ch\/de\/wp-json\/wp\/v2\/media?parent=5275"}],"wp:term":[{"taxonomy":"category","embeddable":true,"href":"https:\/\/ve-business.ch\/de\/wp-json\/wp\/v2\/categories?post=5275"},{"taxonomy":"post_tag","embeddable":true,"href":"https:\/\/ve-business.ch\/de\/wp-json\/wp\/v2\/tags?post=5275"}],"curies":[{"name":"wp","href":"https:\/\/api.w.org\/{rel}","templated":true}]}}